{"id":245,"date":"2024-03-21T16:04:00","date_gmt":"2024-03-21T16:04:00","guid":{"rendered":"https:\/\/munipanzos.gob.gt\/?p=245"},"modified":"2024-04-11T21:08:10","modified_gmt":"2024-04-11T21:08:10","slug":"feria-patronal-aldea-canlun-panzos-a-v","status":"publish","type":"post","link":"https:\/\/munipanzos.gob.gt\/index.php\/2024\/03\/21\/feria-patronal-aldea-canlun-panzos-a-v\/","title":{"rendered":"FERIA PATRONAL ALDEA CANLUN, PANZ\u00d3S, A.V."},"content":{"rendered":"\n<p>Se llev\u00f3 a cabo la celebraci\u00f3n del DESFILE INAUGURAL DE FERIA EN LA ALDEA CANLUN 1, en Honor al Patrono SAN JOSE. Se cont\u00f3 con la presencia de las autoridades municipales, institutos y escuelas educativas, y vecinos cercanos de dicha aldea.<\/p>\n\n\n\n<figure class=\"wp-block-gallery has-nested-images columns-default is-cropped wp-block-gallery-1 is-layout-flex wp-block-gallery-is-layout-flex\">\n<figure class=\"wp-block-image size-large\"><img loading=\"lazy\" decoding=\"async\" width=\"1024\" height=\"683\" data-id=\"246\" src=\"https:\/\/munipanzos.gob.gt\/wp-content\/uploads\/2024\/04\/IMG-20240321-WA0081-1024x683.jpg\" alt=\"\" class=\"wp-image-246\" srcset=\"https:\/\/munipanzos.gob.gt\/wp-content\/uploads\/2024\/04\/IMG-20240321-WA0081-1024x683.jpg 1024w, https:\/\/munipanzos.gob.gt\/wp-content\/uploads\/2024\/04\/IMG-20240321-WA0081-300x200.jpg 300w, https:\/\/munipanzos.gob.gt\/wp-content\/uploads\/2024\/04\/IMG-20240321-WA0081-768x512.jpg 768w, https:\/\/munipanzos.gob.gt\/wp-content\/uploads\/2024\/04\/IMG-20240321-WA0081-1536x1024.jpg 1536w, https:\/\/munipanzos.gob.gt\/wp-content\/uploads\/2024\/04\/IMG-20240321-WA0081-600x400.jpg 600w, https:\/\/munipanzos.gob.gt\/wp-content\/uploads\/2024\/04\/IMG-20240321-WA0081.jpg 1599w\" sizes=\"auto, (max-width: 1024px) 100vw, 1024px\" \/><\/figure>\n\n\n\n<figure class=\"wp-block-image size-large\"><img loading=\"lazy\" decoding=\"async\" width=\"1024\" height=\"683\" data-id=\"248\" src=\"https:\/\/munipanzos.gob.gt\/wp-content\/uploads\/2024\/04\/IMG-20240321-WA0082-1024x683.jpg\" alt=\"\" class=\"wp-image-248\" srcset=\"https:\/\/munipanzos.gob.gt\/wp-content\/uploads\/2024\/04\/IMG-20240321-WA0082-1024x683.jpg 1024w, https:\/\/munipanzos.gob.gt\/wp-content\/uploads\/2024\/04\/IMG-20240321-WA0082-300x200.jpg 300w, https:\/\/munipanzos.gob.gt\/wp-content\/uploads\/2024\/04\/IMG-20240321-WA0082-768x512.jpg 768w, https:\/\/munipanzos.gob.gt\/wp-content\/uploads\/2024\/04\/IMG-20240321-WA0082-1536x1024.jpg 1536w, https:\/\/munipanzos.gob.gt\/wp-content\/uploads\/2024\/04\/IMG-20240321-WA0082-600x400.jpg 600w, https:\/\/munipanzos.gob.gt\/wp-content\/uploads\/2024\/04\/IMG-20240321-WA0082.jpg 1599w\" sizes=\"auto, (max-width: 1024px) 100vw, 1024px\" \/><\/figure>\n\n\n\n<figure class=\"wp-block-image size-large\"><img loading=\"lazy\" decoding=\"async\" width=\"1024\" height=\"683\" data-id=\"247\" src=\"https:\/\/munipanzos.gob.gt\/wp-content\/uploads\/2024\/04\/IMG-20240321-WA0083-1024x683.jpg\" alt=\"\" class=\"wp-image-247\" srcset=\"https:\/\/munipanzos.gob.gt\/wp-content\/uploads\/2024\/04\/IMG-20240321-WA0083-1024x683.jpg 1024w, https:\/\/munipanzos.gob.gt\/wp-content\/uploads\/2024\/04\/IMG-20240321-WA0083-300x200.jpg 300w, https:\/\/munipanzos.gob.gt\/wp-content\/uploads\/2024\/04\/IMG-20240321-WA0083-768x512.jpg 768w, https:\/\/munipanzos.gob.gt\/wp-content\/uploads\/2024\/04\/IMG-20240321-WA0083-1536x1024.jpg 1536w, https:\/\/munipanzos.gob.gt\/wp-content\/uploads\/2024\/04\/IMG-20240321-WA0083-600x400.jpg 600w, https:\/\/munipanzos.gob.gt\/wp-content\/uploads\/2024\/04\/IMG-20240321-WA0083.jpg 1599w\" sizes=\"auto, (max-width: 1024px) 100vw, 1024px\" \/><\/figure>\n\n\n\n<figure class=\"wp-block-image size-large\"><img loading=\"lazy\" decoding=\"async\" width=\"1024\" height=\"683\" data-id=\"253\" src=\"https:\/\/munipanzos.gob.gt\/wp-content\/uploads\/2024\/04\/IMG-20240321-WA0086-copia-1024x683.jpg\" alt=\"\" class=\"wp-image-253\" srcset=\"https:\/\/munipanzos.gob.gt\/wp-content\/uploads\/2024\/04\/IMG-20240321-WA0086-copia-1024x683.jpg 1024w, https:\/\/munipanzos.gob.gt\/wp-content\/uploads\/2024\/04\/IMG-20240321-WA0086-copia-300x200.jpg 300w, https:\/\/munipanzos.gob.gt\/wp-content\/uploads\/2024\/04\/IMG-20240321-WA0086-copia-768x512.jpg 768w, https:\/\/munipanzos.gob.gt\/wp-content\/uploads\/2024\/04\/IMG-20240321-WA0086-copia-1536x1024.jpg 1536w, https:\/\/munipanzos.gob.gt\/wp-content\/uploads\/2024\/04\/IMG-20240321-WA0086-copia-600x400.jpg 600w, https:\/\/munipanzos.gob.gt\/wp-content\/uploads\/2024\/04\/IMG-20240321-WA0086-copia.jpg 1599w\" sizes=\"auto, (max-width: 1024px) 100vw, 1024px\" \/><\/figure>\n\n\n\n<figure class=\"wp-block-image size-large\"><img loading=\"lazy\" decoding=\"async\" width=\"1024\" height=\"683\" data-id=\"250\" src=\"https:\/\/munipanzos.gob.gt\/wp-content\/uploads\/2024\/04\/IMG-20240321-WA0090-1024x683.jpg\" alt=\"\" class=\"wp-image-250\" srcset=\"https:\/\/munipanzos.gob.gt\/wp-content\/uploads\/2024\/04\/IMG-20240321-WA0090-1024x683.jpg 1024w, https:\/\/munipanzos.gob.gt\/wp-content\/uploads\/2024\/04\/IMG-20240321-WA0090-300x200.jpg 300w, https:\/\/munipanzos.gob.gt\/wp-content\/uploads\/2024\/04\/IMG-20240321-WA0090-768x512.jpg 768w, https:\/\/munipanzos.gob.gt\/wp-content\/uploads\/2024\/04\/IMG-20240321-WA0090-1536x1024.jpg 1536w, https:\/\/munipanzos.gob.gt\/wp-content\/uploads\/2024\/04\/IMG-20240321-WA0090-600x400.jpg 600w, https:\/\/munipanzos.gob.gt\/wp-content\/uploads\/2024\/04\/IMG-20240321-WA0090.jpg 1599w\" sizes=\"auto, (max-width: 1024px) 100vw, 1024px\" \/><\/figure>\n\n\n\n<figure class=\"wp-block-image size-large\"><img loading=\"lazy\" decoding=\"async\" width=\"1024\" height=\"683\" data-id=\"255\" src=\"https:\/\/munipanzos.gob.gt\/wp-content\/uploads\/2024\/04\/IMG-20240321-WA0091-copia-1024x683.jpg\" alt=\"\" class=\"wp-image-255\" srcset=\"https:\/\/munipanzos.gob.gt\/wp-content\/uploads\/2024\/04\/IMG-20240321-WA0091-copia-1024x683.jpg 1024w, https:\/\/munipanzos.gob.gt\/wp-content\/uploads\/2024\/04\/IMG-20240321-WA0091-copia-300x200.jpg 300w, https:\/\/munipanzos.gob.gt\/wp-content\/uploads\/2024\/04\/IMG-20240321-WA0091-copia-768x512.jpg 768w, https:\/\/munipanzos.gob.gt\/wp-content\/uploads\/2024\/04\/IMG-20240321-WA0091-copia-1536x1024.jpg 1536w, https:\/\/munipanzos.gob.gt\/wp-content\/uploads\/2024\/04\/IMG-20240321-WA0091-copia-600x400.jpg 600w, https:\/\/munipanzos.gob.gt\/wp-content\/uploads\/2024\/04\/IMG-20240321-WA0091-copia.jpg 1599w\" sizes=\"auto, (max-width: 1024px) 100vw, 1024px\" \/><\/figure>\n\n\n\n<figure class=\"wp-block-image size-large\"><img loading=\"lazy\" decoding=\"async\" width=\"1024\" height=\"683\" data-id=\"249\" src=\"https:\/\/munipanzos.gob.gt\/wp-content\/uploads\/2024\/04\/IMG-20240321-WA0092-1024x683.jpg\" alt=\"\" class=\"wp-image-249\" srcset=\"https:\/\/munipanzos.gob.gt\/wp-content\/uploads\/2024\/04\/IMG-20240321-WA0092-1024x683.jpg 1024w, https:\/\/munipanzos.gob.gt\/wp-content\/uploads\/2024\/04\/IMG-20240321-WA0092-300x200.jpg 300w, https:\/\/munipanzos.gob.gt\/wp-content\/uploads\/2024\/04\/IMG-20240321-WA0092-768x512.jpg 768w, https:\/\/munipanzos.gob.gt\/wp-content\/uploads\/2024\/04\/IMG-20240321-WA0092-1536x1024.jpg 1536w, https:\/\/munipanzos.gob.gt\/wp-content\/uploads\/2024\/04\/IMG-20240321-WA0092-600x400.jpg 600w, https:\/\/munipanzos.gob.gt\/wp-content\/uploads\/2024\/04\/IMG-20240321-WA0092.jpg 1599w\" sizes=\"auto, (max-width: 1024px) 100vw, 1024px\" \/><\/figure>\n\n\n\n<figure class=\"wp-block-image size-large\"><img loading=\"lazy\" decoding=\"async\" width=\"1024\" height=\"683\" data-id=\"252\" src=\"https:\/\/munipanzos.gob.gt\/wp-content\/uploads\/2024\/04\/IMG-20240321-WA0094-copia-1024x683.jpg\" alt=\"\" class=\"wp-image-252\" srcset=\"https:\/\/munipanzos.gob.gt\/wp-content\/uploads\/2024\/04\/IMG-20240321-WA0094-copia-1024x683.jpg 1024w, https:\/\/munipanzos.gob.gt\/wp-content\/uploads\/2024\/04\/IMG-20240321-WA0094-copia-300x200.jpg 300w, https:\/\/munipanzos.gob.gt\/wp-content\/uploads\/2024\/04\/IMG-20240321-WA0094-copia-768x512.jpg 768w, https:\/\/munipanzos.gob.gt\/wp-content\/uploads\/2024\/04\/IMG-20240321-WA0094-copia-1536x1024.jpg 1536w, https:\/\/munipanzos.gob.gt\/wp-content\/uploads\/2024\/04\/IMG-20240321-WA0094-copia-600x400.jpg 600w, https:\/\/munipanzos.gob.gt\/wp-content\/uploads\/2024\/04\/IMG-20240321-WA0094-copia.jpg 1599w\" sizes=\"auto, (max-width: 1024px) 100vw, 1024px\" \/><\/figure>\n\n\n\n<figure class=\"wp-block-image size-large\"><img loading=\"lazy\" decoding=\"async\" width=\"1024\" height=\"683\" data-id=\"254\" src=\"https:\/\/munipanzos.gob.gt\/wp-content\/uploads\/2024\/04\/IMG-20240321-WA0095-copia-1024x683.jpg\" alt=\"\" class=\"wp-image-254\" srcset=\"https:\/\/munipanzos.gob.gt\/wp-content\/uploads\/2024\/04\/IMG-20240321-WA0095-copia-1024x683.jpg 1024w, https:\/\/munipanzos.gob.gt\/wp-content\/uploads\/2024\/04\/IMG-20240321-WA0095-copia-300x200.jpg 300w, https:\/\/munipanzos.gob.gt\/wp-content\/uploads\/2024\/04\/IMG-20240321-WA0095-copia-768x512.jpg 768w, https:\/\/munipanzos.gob.gt\/wp-content\/uploads\/2024\/04\/IMG-20240321-WA0095-copia-1536x1024.jpg 1536w, https:\/\/munipanzos.gob.gt\/wp-content\/uploads\/2024\/04\/IMG-20240321-WA0095-copia-600x400.jpg 600w, https:\/\/munipanzos.gob.gt\/wp-content\/uploads\/2024\/04\/IMG-20240321-WA0095-copia.jpg 1599w\" sizes=\"auto, (max-width: 1024px) 100vw, 1024px\" \/><\/figure>\n\n\n\n<figure class=\"wp-block-image size-large\"><img loading=\"lazy\" decoding=\"async\" width=\"1024\" height=\"851\" data-id=\"251\" src=\"https:\/\/munipanzos.gob.gt\/wp-content\/uploads\/2024\/04\/IMG-20240321-WA0096-copia-1024x851.jpg\" alt=\"\" class=\"wp-image-251\" srcset=\"https:\/\/munipanzos.gob.gt\/wp-content\/uploads\/2024\/04\/IMG-20240321-WA0096-copia-1024x851.jpg 1024w, https:\/\/munipanzos.gob.gt\/wp-content\/uploads\/2024\/04\/IMG-20240321-WA0096-copia-300x249.jpg 300w, https:\/\/munipanzos.gob.gt\/wp-content\/uploads\/2024\/04\/IMG-20240321-WA0096-copia-768x638.jpg 768w, https:\/\/munipanzos.gob.gt\/wp-content\/uploads\/2024\/04\/IMG-20240321-WA0096-copia-600x499.jpg 600w, https:\/\/munipanzos.gob.gt\/wp-content\/uploads\/2024\/04\/IMG-20240321-WA0096-copia.jpg 1131w\" sizes=\"auto, (max-width: 1024px) 100vw, 1024px\" \/><\/figure>\n<\/figure>\n\n\n\n<p>Administraci\u00f3n: 2024-2028<\/p>\n","protected":false},"excerpt":{"rendered":"<p>Se llev\u00f3 a cabo la celebraci\u00f3n del DESFILE INAUGURAL DE FERIA EN LA ALDEA CANLUN 1, en Honor al Patrono SAN JOSE. Se cont\u00f3 con la presencia de las autoridades&hellip;<\/p>\n","protected":false},"author":2,"featured_media":258,"comment_status":"open","ping_status":"open","sticky":false,"template":"","format":"standard","meta":{"footnotes":""},"categories":[17],"tags":[],"class_list":["post-245","post","type-post","status-publish","format-standard","has-post-thumbnail","hentry","category-cultura"],"yoast_head":"<!-- This site is optimized with the Yoast SEO plugin v22.3 - https:\/\/yoast.com\/wordpress\/plugins\/seo\/ -->\n<title>FERIA PATRONAL ALDEA CANLUN, PANZ\u00d3S, A.V. -<\/title>\n<meta name=\"robots\" content=\"index, follow, max-snippet:-1, max-image-preview:large, max-video-preview:-1\" \/>\n<link rel=\"canonical\" href=\"https:\/\/munipanzos.gob.gt\/index.php\/2024\/03\/21\/feria-patronal-aldea-canlun-panzos-a-v\/\" \/>\n<meta property=\"og:locale\" content=\"es_ES\" \/>\n<meta property=\"og:type\" content=\"article\" \/>\n<meta property=\"og:title\" content=\"FERIA PATRONAL ALDEA CANLUN, PANZ\u00d3S, A.V. -\" \/>\n<meta property=\"og:description\" content=\"Se llev\u00f3 a cabo la celebraci\u00f3n del DESFILE INAUGURAL DE FERIA EN LA ALDEA CANLUN 1, en Honor al Patrono SAN JOSE. Se cont\u00f3 con la presencia de las autoridades&hellip;\" \/>\n<meta property=\"og:url\" content=\"https:\/\/munipanzos.gob.gt\/index.php\/2024\/03\/21\/feria-patronal-aldea-canlun-panzos-a-v\/\" \/>\n<meta property=\"article:published_time\" content=\"2024-03-21T16:04:00+00:00\" \/>\n<meta property=\"article:modified_time\" content=\"2024-04-11T21:08:10+00:00\" \/>\n<meta property=\"og:image\" content=\"https:\/\/munipanzos.gob.gt\/wp-content\/uploads\/2024\/04\/destacada-2.jpg\" \/>\n\t<meta property=\"og:image:width\" content=\"1599\" \/>\n\t<meta property=\"og:image:height\" content=\"964\" \/>\n\t<meta property=\"og:image:type\" content=\"image\/jpeg\" \/>\n<meta name=\"author\" content=\"Municipalidad de Panz\u00f3s\" \/>\n<meta name=\"twitter:card\" content=\"summary_large_image\" \/>\n<meta name=\"twitter:label1\" content=\"Escrito por\" \/>\n\t<meta name=\"twitter:data1\" content=\"Municipalidad de Panz\u00f3s\" \/>\n\t<meta name=\"twitter:label2\" content=\"Tiempo de lectura\" \/>\n\t<meta name=\"twitter:data2\" content=\"3 minutos\" \/>\n<script type=\"application\/ld+json\" class=\"yoast-schema-graph\">{\"@context\":\"https:\/\/schema.org\",\"@graph\":[{\"@type\":\"WebPage\",\"@id\":\"https:\/\/munipanzos.gob.gt\/index.php\/2024\/03\/21\/feria-patronal-aldea-canlun-panzos-a-v\/\",\"url\":\"https:\/\/munipanzos.gob.gt\/index.php\/2024\/03\/21\/feria-patronal-aldea-canlun-panzos-a-v\/\",\"name\":\"FERIA PATRONAL ALDEA CANLUN, PANZ\u00d3S, A.V. -\",\"isPartOf\":{\"@id\":\"https:\/\/munipanzos.gob.gt\/#website\"},\"primaryImageOfPage\":{\"@id\":\"https:\/\/munipanzos.gob.gt\/index.php\/2024\/03\/21\/feria-patronal-aldea-canlun-panzos-a-v\/#primaryimage\"},\"image\":{\"@id\":\"https:\/\/munipanzos.gob.gt\/index.php\/2024\/03\/21\/feria-patronal-aldea-canlun-panzos-a-v\/#primaryimage\"},\"thumbnailUrl\":\"https:\/\/munipanzos.gob.gt\/wp-content\/uploads\/2024\/04\/destacada-2.jpg\",\"datePublished\":\"2024-03-21T16:04:00+00:00\",\"dateModified\":\"2024-04-11T21:08:10+00:00\",\"author\":{\"@id\":\"https:\/\/munipanzos.gob.gt\/#\/schema\/person\/8a78d2d00e13d83494f02597fa6fe35c\"},\"breadcrumb\":{\"@id\":\"https:\/\/munipanzos.gob.gt\/index.php\/2024\/03\/21\/feria-patronal-aldea-canlun-panzos-a-v\/#breadcrumb\"},\"inLanguage\":\"es\",\"potentialAction\":[{\"@type\":\"ReadAction\",\"target\":[\"https:\/\/munipanzos.gob.gt\/index.php\/2024\/03\/21\/feria-patronal-aldea-canlun-panzos-a-v\/\"]}]},{\"@type\":\"ImageObject\",\"inLanguage\":\"es\",\"@id\":\"https:\/\/munipanzos.gob.gt\/index.php\/2024\/03\/21\/feria-patronal-aldea-canlun-panzos-a-v\/#primaryimage\",\"url\":\"https:\/\/munipanzos.gob.gt\/wp-content\/uploads\/2024\/04\/destacada-2.jpg\",\"contentUrl\":\"https:\/\/munipanzos.gob.gt\/wp-content\/uploads\/2024\/04\/destacada-2.jpg\",\"width\":1599,\"height\":964},{\"@type\":\"BreadcrumbList\",\"@id\":\"https:\/\/munipanzos.gob.gt\/index.php\/2024\/03\/21\/feria-patronal-aldea-canlun-panzos-a-v\/#breadcrumb\",\"itemListElement\":[{\"@type\":\"ListItem\",\"position\":1,\"name\":\"Portada\",\"item\":\"https:\/\/munipanzos.gob.gt\/\"},{\"@type\":\"ListItem\",\"position\":2,\"name\":\"FERIA PATRONAL ALDEA CANLUN, PANZ\u00d3S, A.V.\"}]},{\"@type\":\"WebSite\",\"@id\":\"https:\/\/munipanzos.gob.gt\/#website\",\"url\":\"https:\/\/munipanzos.gob.gt\/\",\"name\":\"\",\"description\":\"Administraci\u00f3n 2024-2028\",\"potentialAction\":[{\"@type\":\"SearchAction\",\"target\":{\"@type\":\"EntryPoint\",\"urlTemplate\":\"https:\/\/munipanzos.gob.gt\/?s={search_term_string}\"},\"query-input\":\"required name=search_term_string\"}],\"inLanguage\":\"es\"},{\"@type\":\"Person\",\"@id\":\"https:\/\/munipanzos.gob.gt\/#\/schema\/person\/8a78d2d00e13d83494f02597fa6fe35c\",\"name\":\"Municipalidad de Panz\u00f3s\",\"image\":{\"@type\":\"ImageObject\",\"inLanguage\":\"es\",\"@id\":\"https:\/\/munipanzos.gob.gt\/#\/schema\/person\/image\/\",\"url\":\"https:\/\/secure.gravatar.com\/avatar\/7a13cd5f047dadfeb71dbcd86610c3c5d9198c5a7d4afa56cd6d01b9c9821724?s=96&d=mm&r=g\",\"contentUrl\":\"https:\/\/secure.gravatar.com\/avatar\/7a13cd5f047dadfeb71dbcd86610c3c5d9198c5a7d4afa56cd6d01b9c9821724?s=96&d=mm&r=g\",\"caption\":\"Municipalidad de Panz\u00f3s\"},\"url\":\"https:\/\/munipanzos.gob.gt\/index.php\/author\/munipanzos\/\"}]}<\/script>\n<!-- \/ Yoast SEO plugin. -->","yoast_head_json":{"title":"FERIA PATRONAL ALDEA CANLUN, PANZ\u00d3S, A.V. -","robots":{"index":"index","follow":"follow","max-snippet":"max-snippet:-1","max-image-preview":"max-image-preview:large","max-video-preview":"max-video-preview:-1"},"canonical":"https:\/\/munipanzos.gob.gt\/index.php\/2024\/03\/21\/feria-patronal-aldea-canlun-panzos-a-v\/","og_locale":"es_ES","og_type":"article","og_title":"FERIA PATRONAL ALDEA CANLUN, PANZ\u00d3S, A.V. -","og_description":"Se llev\u00f3 a cabo la celebraci\u00f3n del DESFILE INAUGURAL DE FERIA EN LA ALDEA CANLUN 1, en Honor al Patrono SAN JOSE. Se cont\u00f3 con la presencia de las autoridades&hellip;","og_url":"https:\/\/munipanzos.gob.gt\/index.php\/2024\/03\/21\/feria-patronal-aldea-canlun-panzos-a-v\/","article_published_time":"2024-03-21T16:04:00+00:00","article_modified_time":"2024-04-11T21:08:10+00:00","og_image":[{"width":1599,"height":964,"url":"https:\/\/munipanzos.gob.gt\/wp-content\/uploads\/2024\/04\/destacada-2.jpg","type":"image\/jpeg"}],"author":"Municipalidad de Panz\u00f3s","twitter_card":"summary_large_image","twitter_misc":{"Escrito por":"Municipalidad de Panz\u00f3s","Tiempo de lectura":"3 minutos"},"schema":{"@context":"https:\/\/schema.org","@graph":[{"@type":"WebPage","@id":"https:\/\/munipanzos.gob.gt\/index.php\/2024\/03\/21\/feria-patronal-aldea-canlun-panzos-a-v\/","url":"https:\/\/munipanzos.gob.gt\/index.php\/2024\/03\/21\/feria-patronal-aldea-canlun-panzos-a-v\/","name":"FERIA PATRONAL ALDEA CANLUN, PANZ\u00d3S, A.V. -","isPartOf":{"@id":"https:\/\/munipanzos.gob.gt\/#website"},"primaryImageOfPage":{"@id":"https:\/\/munipanzos.gob.gt\/index.php\/2024\/03\/21\/feria-patronal-aldea-canlun-panzos-a-v\/#primaryimage"},"image":{"@id":"https:\/\/munipanzos.gob.gt\/index.php\/2024\/03\/21\/feria-patronal-aldea-canlun-panzos-a-v\/#primaryimage"},"thumbnailUrl":"https:\/\/munipanzos.gob.gt\/wp-content\/uploads\/2024\/04\/destacada-2.jpg","datePublished":"2024-03-21T16:04:00+00:00","dateModified":"2024-04-11T21:08:10+00:00","author":{"@id":"https:\/\/munipanzos.gob.gt\/#\/schema\/person\/8a78d2d00e13d83494f02597fa6fe35c"},"breadcrumb":{"@id":"https:\/\/munipanzos.gob.gt\/index.php\/2024\/03\/21\/feria-patronal-aldea-canlun-panzos-a-v\/#breadcrumb"},"inLanguage":"es","potentialAction":[{"@type":"ReadAction","target":["https:\/\/munipanzos.gob.gt\/index.php\/2024\/03\/21\/feria-patronal-aldea-canlun-panzos-a-v\/"]}]},{"@type":"ImageObject","inLanguage":"es","@id":"https:\/\/munipanzos.gob.gt\/index.php\/2024\/03\/21\/feria-patronal-aldea-canlun-panzos-a-v\/#primaryimage","url":"https:\/\/munipanzos.gob.gt\/wp-content\/uploads\/2024\/04\/destacada-2.jpg","contentUrl":"https:\/\/munipanzos.gob.gt\/wp-content\/uploads\/2024\/04\/destacada-2.jpg","width":1599,"height":964},{"@type":"BreadcrumbList","@id":"https:\/\/munipanzos.gob.gt\/index.php\/2024\/03\/21\/feria-patronal-aldea-canlun-panzos-a-v\/#breadcrumb","itemListElement":[{"@type":"ListItem","position":1,"name":"Portada","item":"https:\/\/munipanzos.gob.gt\/"},{"@type":"ListItem","position":2,"name":"FERIA PATRONAL ALDEA CANLUN, PANZ\u00d3S, A.V."}]},{"@type":"WebSite","@id":"https:\/\/munipanzos.gob.gt\/#website","url":"https:\/\/munipanzos.gob.gt\/","name":"","description":"Administraci\u00f3n 2024-2028","potentialAction":[{"@type":"SearchAction","target":{"@type":"EntryPoint","urlTemplate":"https:\/\/munipanzos.gob.gt\/?s={search_term_string}"},"query-input":"required name=search_term_string"}],"inLanguage":"es"},{"@type":"Person","@id":"https:\/\/munipanzos.gob.gt\/#\/schema\/person\/8a78d2d00e13d83494f02597fa6fe35c","name":"Municipalidad de Panz\u00f3s","image":{"@type":"ImageObject","inLanguage":"es","@id":"https:\/\/munipanzos.gob.gt\/#\/schema\/person\/image\/","url":"https:\/\/secure.gravatar.com\/avatar\/7a13cd5f047dadfeb71dbcd86610c3c5d9198c5a7d4afa56cd6d01b9c9821724?s=96&d=mm&r=g","contentUrl":"https:\/\/secure.gravatar.com\/avatar\/7a13cd5f047dadfeb71dbcd86610c3c5d9198c5a7d4afa56cd6d01b9c9821724?s=96&d=mm&r=g","caption":"Municipalidad de Panz\u00f3s"},"url":"https:\/\/munipanzos.gob.gt\/index.php\/author\/munipanzos\/"}]}},"_links":{"self":[{"href":"https:\/\/munipanzos.gob.gt\/index.php\/wp-json\/wp\/v2\/posts\/245","targetHints":{"allow":["GET"]}}],"collection":[{"href":"https:\/\/munipanzos.gob.gt\/index.php\/wp-json\/wp\/v2\/posts"}],"about":[{"href":"https:\/\/munipanzos.gob.gt\/index.php\/wp-json\/wp\/v2\/types\/post"}],"author":[{"embeddable":true,"href":"https:\/\/munipanzos.gob.gt\/index.php\/wp-json\/wp\/v2\/users\/2"}],"replies":[{"embeddable":true,"href":"https:\/\/munipanzos.gob.gt\/index.php\/wp-json\/wp\/v2\/comments?post=245"}],"version-history":[{"count":3,"href":"https:\/\/munipanzos.gob.gt\/index.php\/wp-json\/wp\/v2\/posts\/245\/revisions"}],"predecessor-version":[{"id":261,"href":"https:\/\/munipanzos.gob.gt\/index.php\/wp-json\/wp\/v2\/posts\/245\/revisions\/261"}],"wp:featuredmedia":[{"embeddable":true,"href":"https:\/\/munipanzos.gob.gt\/index.php\/wp-json\/wp\/v2\/media\/258"}],"wp:attachment":[{"href":"https:\/\/munipanzos.gob.gt\/index.php\/wp-json\/wp\/v2\/media?parent=245"}],"wp:term":[{"taxonomy":"category","embeddable":true,"href":"https:\/\/munipanzos.gob.gt\/index.php\/wp-json\/wp\/v2\/categories?post=245"},{"taxonomy":"post_tag","embeddable":true,"href":"https:\/\/munipanzos.gob.gt\/index.php\/wp-json\/wp\/v2\/tags?post=245"}],"curies":[{"name":"wp","href":"https:\/\/api.w.org\/{rel}","templated":true}]}}